{"id":3701,"date":"2019-12-02T21:01:51","date_gmt":"2019-12-02T21:01:51","guid":{"rendered":"https:\/\/the7.io\/company\/?p=2869"},"modified":"2021-01-12T00:25:21","modified_gmt":"2021-01-12T03:25:21","slug":"vestibulum-ante-ipsum-primis-in-faucibus-2","status":"publish","type":"post","link":"https:\/\/carolmattosgalvao.com.br\/?p=3701","title":{"rendered":"Carol Mattos Galv\u00e3o assume a Coordenadoria Executiva de Bem Estar Animal de Araraquara."},"content":{"rendered":"<p style=\"text-align: justify;\">Depois de muita reflex\u00e3o, hoje foi o dia de aceitar um grande desafio: assumir a Coordenadoria Executiva de Bem Estar Animal de Araraquara.<\/p>\n<p style=\"text-align: justify;\">Sempre gostei de animais, quem me conhece sabe. Eu e Ricardo devemos isso ao meu av\u00f4 On\u00e9cimo, que sempre nos ajudava acolher algum bichinho, cuidar e doar.<\/p>\n<p style=\"text-align: justify;\">A vida seguiu, meu av\u00f4 partiu e deixou seu legado. Da paix\u00e3o e alguns acolhimentos veio a ideia de colocar minha profiss\u00e3o em prol dos animais e em 2015 a OAB Araraquara criou a Comiss\u00e3o de Prote\u00e7\u00e3o e Defesa dos Animais a qual presido.<\/p>\n<p style=\"text-align: justify;\">Em 2017, junto com a Tuka e a Carol , veio o Projeto #meadote e em 2019 a presid\u00eancia do Conselho Municipal de Prote\u00e7\u00e3o e Defesa dos Animais. Durante essa trajet\u00f3ria, fiz amigos e cr\u00edticos, mas o mais importante, a Prote\u00e7\u00e3o de Araraquara \u00e9 forte e sabe cobrar e com isso os avan\u00e7os nas pol\u00edticas p\u00fablicas foram significativos.<\/p>\n<p style=\"text-align: justify;\">O Munic\u00edpio tem boas pol\u00edticas p\u00fablicas mas precisa de melhoras e avan\u00e7os e essas cobran\u00e7as sempre foram e sempre ser\u00e3o feitas. Com essa luta, veio o surpreendente convite do l\u00edder do Executivo, o prefeito Edinho, sim, digo surpreendente porque t\u00ednhamos (Conselho Prote\u00e7\u00e3o e Defesa Animal) pedido a volta da Gabi que al\u00e7ar\u00e1 v\u00f4os em outro setor e a quem sou muito grata pelo apoio que nos deu.<\/p>\n<p style=\"text-align: justify;\">Depois de refletir muito e ter o apoio de muita gente importante na minha vida decidi aceitar o desafio para ampliar e melhorar as pol\u00edticas p\u00fablicas para os animais. Causa animal n\u00e3o \u00e9 perfumaria, da boa e equilibrada rela\u00e7\u00e3o com os animais nos tornamos melhores pessoas e constru\u00edmos um mundo melhor!<\/p>\n<p style=\"text-align: justify;\">Agrade\u00e7o o apoio do meu marido, dos meus pais, do meu irm\u00e3o e da minha fam\u00edlia, da OAB, dos protetores e dos meus amigos que colaboraram muito para minha decis\u00e3o. No que depender de mim, os animais ter\u00e3o voz dentro do Executivo Municipal<\/p>\n","protected":false},"excerpt":{"rendered":"<p>A posse aconteceu no \u00faltimo dia 09 de janeiro de 2021.<\/p>\n","protected":false},"author":1,"featured_media":3763,"comment_status":"open","ping_status":"open","sticky":false,"template":"","format":"standard","meta":[],"categories":[4],"tags":[],"class_list":["post-3701","post","type-post","status-publish","format-standard","has-post-thumbnail","hentry","category-news","category-4","description-off"],"_links":{"self":[{"href":"https:\/\/carolmattosgalvao.com.br\/index.php?rest_route=\/wp\/v2\/posts\/3701","targetHints":{"allow":["GET"]}}],"collection":[{"href":"https:\/\/carolmattosgalvao.com.br\/index.php?rest_route=\/wp\/v2\/posts"}],"about":[{"href":"https:\/\/carolmattosgalvao.com.br\/index.php?rest_route=\/wp\/v2\/types\/post"}],"author":[{"embeddable":true,"href":"https:\/\/carolmattosgalvao.com.br\/index.php?rest_route=\/wp\/v2\/users\/1"}],"replies":[{"embeddable":true,"href":"https:\/\/carolmattosgalvao.com.br\/index.php?rest_route=%2Fwp%2Fv2%2Fcomments&post=3701"}],"version-history":[{"count":1,"href":"https:\/\/carolmattosgalvao.com.br\/index.php?rest_route=\/wp\/v2\/posts\/3701\/revisions"}],"predecessor-version":[{"id":3764,"href":"https:\/\/carolmattosgalvao.com.br\/index.php?rest_route=\/wp\/v2\/posts\/3701\/revisions\/3764"}],"wp:featuredmedia":[{"embeddable":true,"href":"https:\/\/carolmattosgalvao.com.br\/index.php?rest_route=\/wp\/v2\/media\/3763"}],"wp:attachment":[{"href":"https:\/\/carolmattosgalvao.com.br\/index.php?rest_route=%2Fwp%2Fv2%2Fmedia&parent=3701"}],"wp:term":[{"taxonomy":"category","embeddable":true,"href":"https:\/\/carolmattosgalvao.com.br\/index.php?rest_route=%2Fwp%2Fv2%2Fcategories&post=3701"},{"taxonomy":"post_tag","embeddable":true,"href":"https:\/\/carolmattosgalvao.com.br\/index.php?rest_route=%2Fwp%2Fv2%2Ftags&post=3701"}],"curies":[{"name":"wp","href":"https:\/\/api.w.org\/{rel}","templated":true}]}}