{"id":2869,"date":"2019-12-02T21:01:51","date_gmt":"2019-12-02T21:01:51","guid":{"rendered":"https:\/\/the7.io\/company\/?p=2869"},"modified":"2021-01-12T01:28:36","modified_gmt":"2021-01-12T04:28:36","slug":"vestibulum-ante-ipsum-primis-in-faucibus","status":"publish","type":"post","link":"https:\/\/carolmattosgalvao.com.br\/?p=2869","title":{"rendered":"Caso da cachorrinha queimada: autora do crime ser\u00e1 indiciada"},"content":{"rendered":"<p style=\"text-align: justify;\">A Diretoria da 5\u00aa Subse\u00e7\u00e3o da OAB Araraquara, representada pelo presidente Tiago Romano e Diretor-Tesoureiro Felipe Jos\u00e9 Maur\u00edcio de Oliveira, juntamente com a Comiss\u00e3o de Prote\u00e7\u00e3o e Defesa dos Animais da 5\u00b0 Subse\u00e7\u00e3o da OAB, representada pela presidente Carolina Mattos Galv\u00e3o e Ana Flavia Ferreira Barreto compareceram nesta segunda-feira (4) na Delegacia de Pol\u00edcia protocolando dois requerimentos para acompanhar os inqu\u00e9ritos .<\/p>\n<p style=\"text-align: justify;\">Um deles \u00e9 o da\u00a0<a href=\"https:\/\/rciararaquara.com.br\/destaques\/cachorrinha-foi-queimada-e-jogada-na-linha-do-trem-para-morrer-no-selmi-dei\/\">cachorra que foi queimada e jogada na linha f\u00e9rrea no Selmi Dei<\/a>. Tamb\u00e9m v\u00e3o acompanhar o caso do<a href=\"https:\/\/rciararaquara.com.br\/destaques\/cachorro-morre-de-fome-acorrentado-em-barraco-no-parque-gramado-ii\/\">\u00a0cachorro que ficou amarrado por 10 dias<\/a>\u00a0sem \u00e1gua e sem comida, morrendo por inani\u00e7\u00e3o.<\/p>\n<p style=\"text-align: justify;\">Foi protocolado tamb\u00e9m o laudo complementar assinado por profissionais da \u00e1rea veterin\u00e1ria, atestando que o c\u00e3o Sadam, que morreu h\u00e1 alguns dias, faleceu em decorr\u00eancia de maus-tratos.<\/p>\n<p style=\"text-align: justify;\">O animal permaneceu congelado desde o dia de sua morte para permitir que a junta de veterin\u00e1rios verificasse a situa\u00e7\u00e3o. A junta constatou que a causa mortis foi inani\u00e7\u00e3o.<\/p>\n<p style=\"text-align: justify;\">O documento subsidia a investiga\u00e7\u00e3o para permitir eventual den\u00fancia, em virtude da prova t\u00e9cnica ora documentada.<\/p>\n<p style=\"text-align: justify;\">A Diretoria da 5\u00aa Subse\u00e7\u00e3o e a Comiss\u00e3o de Prote\u00e7\u00e3o e Defesa dos Animais permanecer\u00e3o acompanhando o caso.<\/p>\n<p style=\"text-align: justify;\"><strong>CACHORRINHA QUEIMADA<\/strong><\/p>\n<p style=\"text-align: justify;\">A autora do crime de maus tratos contra a cachorra que foi queimada ser\u00e1 indiciada, de acordo com a presidente da Comiss\u00e3o de Prote\u00e7\u00e3o e Defesa dos Animais da 5\u00b0 Subse\u00e7\u00e3o da OAB. \u201cO inqu\u00e9rito est\u00e1 praticamente finalizado e ela ser\u00e1 indiciada\u201d, afirmou Carolina.<\/p>\n<p>Fonte: RCIA<\/p>\n","protected":false},"excerpt":{"rendered":"<p>Comiss\u00e3o da OAB vai acompanhar os inqu\u00e9ritos do c\u00e3o que morreu de inani\u00e7\u00e3o e da cachorrinha que morreu ap\u00f3s ser queimada<\/p>\n","protected":false},"author":1,"featured_media":3781,"comment_status":"open","ping_status":"open","sticky":false,"template":"","format":"standard","meta":[],"categories":[4],"tags":[],"class_list":["post-2869","post","type-post","status-publish","format-standard","has-post-thumbnail","hentry","category-news","category-4","description-off"],"_links":{"self":[{"href":"https:\/\/carolmattosgalvao.com.br\/index.php?rest_route=\/wp\/v2\/posts\/2869","targetHints":{"allow":["GET"]}}],"collection":[{"href":"https:\/\/carolmattosgalvao.com.br\/index.php?rest_route=\/wp\/v2\/posts"}],"about":[{"href":"https:\/\/carolmattosgalvao.com.br\/index.php?rest_route=\/wp\/v2\/types\/post"}],"author":[{"embeddable":true,"href":"https:\/\/carolmattosgalvao.com.br\/index.php?rest_route=\/wp\/v2\/users\/1"}],"replies":[{"embeddable":true,"href":"https:\/\/carolmattosgalvao.com.br\/index.php?rest_route=%2Fwp%2Fv2%2Fcomments&post=2869"}],"version-history":[{"count":1,"href":"https:\/\/carolmattosgalvao.com.br\/index.php?rest_route=\/wp\/v2\/posts\/2869\/revisions"}],"predecessor-version":[{"id":3782,"href":"https:\/\/carolmattosgalvao.com.br\/index.php?rest_route=\/wp\/v2\/posts\/2869\/revisions\/3782"}],"wp:featuredmedia":[{"embeddable":true,"href":"https:\/\/carolmattosgalvao.com.br\/index.php?rest_route=\/wp\/v2\/media\/3781"}],"wp:attachment":[{"href":"https:\/\/carolmattosgalvao.com.br\/index.php?rest_route=%2Fwp%2Fv2%2Fmedia&parent=2869"}],"wp:term":[{"taxonomy":"category","embeddable":true,"href":"https:\/\/carolmattosgalvao.com.br\/index.php?rest_route=%2Fwp%2Fv2%2Fcategories&post=2869"},{"taxonomy":"post_tag","embeddable":true,"href":"https:\/\/carolmattosgalvao.com.br\/index.php?rest_route=%2Fwp%2Fv2%2Ftags&post=2869"}],"curies":[{"name":"wp","href":"https:\/\/api.w.org\/{rel}","templated":true}]}}